{"id":1551,"date":"2016-05-31T19:08:43","date_gmt":"2016-05-31T18:08:43","guid":{"rendered":"http:\/\/fsv-schwarzbach.de\/?p=1551"},"modified":"2016-05-31T19:08:43","modified_gmt":"2016-05-31T18:08:43","slug":"senioren-blicken-auf-erfolgreiche-saison-zurueck","status":"publish","type":"post","link":"https:\/\/fsv-schwarzbach.de\/index.php\/senioren-blicken-auf-erfolgreiche-saison-zurueck\/","title":{"rendered":"Senioren blicken auf erfolgreiche Saison zur\u00fcck!"},"content":{"rendered":"<p style=\"text-align: left;\">Am Ende der ersten Kreisoberligasaison nach der Meisterschaft im letzten Jahr blickt unsere erste Seniorenmannschaft auf einen hervorragenden vierten Platz zur\u00fcck. Mit 54 Punkten lag man letztlich nur vier Punkte hinter dem Tabellenzweiten aus M\u00fcs, die man selbst zweimal schlagen konnte. Gerade solche Siege zeigen, dass unsere junge Mannschaft noch nicht ihren Zenit erreicht hat. Lars Hohmann\u00a0hat in seiner letzten Saison\u00a0f\u00fcr die SG die richtige Mischung zwischen stabiler Defensive und zum Teil begeisterten Offensivfussball gefunden und \u00fcberl\u00e4sst unserem neuen Trainer, Daniel Schirmer (Borussia Fulda) eine sehr gut ausgebildete Mannschaft, die noch weiteres Entwicklungspotenzial besitzt. Wir freuen uns schon jetzt auf die Saison 2016\/17 und auf eine junge, hungrige Mannschaft, die auch im n\u00e4chsten Jahr eine gute Rolle in der Kreisoberliga spielen kann und will.<\/p>\n<p style=\"text-align: left;\">An dieser Stelle m\u00f6chte der FSV Schwarzbach nochmal einen Dank an Lars Hohmann\u00a0f\u00fcr die gute Zusammenarbeit aussprechen. Wir w\u00fcnschen Ihm\u00a0an dieser Stelle nochmal alles Gute f\u00fcr seine kommenden sportlichen Ziele!<\/p>\n<p style=\"text-align: left;\"><strong>SG Elters\/Eckweisbach\/Schwarzbach I <\/strong><\/p>\n<p style=\"text-align: left;\">16 Siege \/ 6 Unentschieden \/ 8 Niederlagen &#8211; 73:45 Tore &#8211; 54 Punkte<\/p>\n<p style=\"text-align: left;\"><em>Torsch\u00fctzen:<\/em><\/p>\n<table style=\"height: 459px;\" width=\"585\">\n<tbody>\n<tr>\n<td width=\"80\"><\/td>\n<td width=\"104\"><strong><u>Nachname:<\/u><\/strong><\/td>\n<td width=\"80\"><strong><u>Vorname:<\/u><\/strong><\/td>\n<td width=\"80\"><strong><u>Tore:<\/u><\/strong><\/td>\n<\/tr>\n<tr>\n<td><strong>1.<\/strong><\/td>\n<td>Reinhard<\/td>\n<td>Moritz<\/td>\n<td>28<\/td>\n<\/tr>\n<tr>\n<td><strong>2.<\/strong><\/td>\n<td>Langgut<\/td>\n<td>Julian<\/td>\n<td>8<\/td>\n<\/tr>\n<tr>\n<td><strong>3.<\/strong><\/td>\n<td>Blum<\/td>\n<td>Niklas<\/td>\n<td>6<\/td>\n<\/tr>\n<tr>\n<td><strong>4.<\/strong><\/td>\n<td>Kuempel<\/td>\n<td>Jeremias<\/td>\n<td>5<\/td>\n<\/tr>\n<tr>\n<td><strong>5.<\/strong><\/td>\n<td>Groesch<\/td>\n<td>Maximilian<\/td>\n<td>4<\/td>\n<\/tr>\n<tr>\n<td><strong>6.<\/strong><\/td>\n<td>Kraus<\/td>\n<td>Maximilian<\/td>\n<td>4<\/td>\n<\/tr>\n<tr>\n<td><strong>7.<\/strong><\/p>\n<p>&nbsp;<\/td>\n<td>Kuempel<\/p>\n<p>&nbsp;<\/td>\n<td>Klemens<\/p>\n<p>&nbsp;<\/td>\n<td>4<\/p>\n<p>&nbsp;<\/td>\n<\/tr>\n<tr>\n<td><strong>8.<\/strong><\/td>\n<td>Herbert<\/td>\n<td>Yannik<\/td>\n<td>3<\/td>\n<\/tr>\n<tr>\n<td><strong>9.<\/strong><\/td>\n<td>Reinhard<\/td>\n<td>Jens<\/td>\n<td>3<\/td>\n<\/tr>\n<tr>\n<td><strong>10.<\/strong><\/td>\n<td>Wiegand<\/td>\n<td>Simon<\/td>\n<td>3<\/td>\n<\/tr>\n<tr>\n<td><strong>11.<\/strong><\/td>\n<td>Hohmann<\/td>\n<td>Lars<\/td>\n<td>2<\/td>\n<\/tr>\n<tr>\n<td><strong>12.<\/strong><\/td>\n<td>Enders<\/td>\n<td>Philipp<\/td>\n<td>1<\/td>\n<\/tr>\n<tr>\n<td><strong>13.<\/strong><\/td>\n<td>Kern<\/td>\n<td>Christian<\/td>\n<td>1<\/td>\n<\/tr>\n<tr>\n<td><strong>14.<\/strong><\/td>\n<td>Weber<\/td>\n<td>Marco<\/td>\n<td>1<\/td>\n<\/tr>\n<\/tbody>\n<\/table>\n<p style=\"text-align: left;\">\n<p style=\"text-align: left;\">\n<p style=\"text-align: left;\">\n<p style=\"text-align: left;\">\n<p style=\"text-align: left;\">\n<p style=\"text-align: left;\">\n<p style=\"text-align: left;\">\n","protected":false},"excerpt":{"rendered":"<p>Am Ende der ersten Kreisoberligasaison nach der Meisterschaft im letzten Jahr blickt unsere erste Seniorenmannschaft auf einen hervorragenden vierten Platz zur\u00fcck. Mit 54 Punkten lag man letztlich nur vier Punkte hinter dem Tabellenzweiten aus M\u00fcs, die man selbst zweimal schlagen &hellip; <a href=\"https:\/\/fsv-schwarzbach.de\/index.php\/senioren-blicken-auf-erfolgreiche-saison-zurueck\/\">Weiterlesen <span class=\"meta-nav\">&rarr;<\/span><\/a><\/p>\n","protected":false},"author":1,"featured_media":0,"comment_status":"closed","ping_status":"closed","sticky":false,"template":"","format":"standard","meta":{"footnotes":""},"categories":[5],"tags":[],"class_list":["post-1551","post","type-post","status-publish","format-standard","hentry","category-seniorenfusball"],"_links":{"self":[{"href":"https:\/\/fsv-schwarzbach.de\/index.php\/wp-json\/wp\/v2\/posts\/1551","targetHints":{"allow":["GET"]}}],"collection":[{"href":"https:\/\/fsv-schwarzbach.de\/index.php\/wp-json\/wp\/v2\/posts"}],"about":[{"href":"https:\/\/fsv-schwarzbach.de\/index.php\/wp-json\/wp\/v2\/types\/post"}],"author":[{"embeddable":true,"href":"https:\/\/fsv-schwarzbach.de\/index.php\/wp-json\/wp\/v2\/users\/1"}],"replies":[{"embeddable":true,"href":"https:\/\/fsv-schwarzbach.de\/index.php\/wp-json\/wp\/v2\/comments?post=1551"}],"version-history":[{"count":0,"href":"https:\/\/fsv-schwarzbach.de\/index.php\/wp-json\/wp\/v2\/posts\/1551\/revisions"}],"wp:attachment":[{"href":"https:\/\/fsv-schwarzbach.de\/index.php\/wp-json\/wp\/v2\/media?parent=1551"}],"wp:term":[{"taxonomy":"category","embeddable":true,"href":"https:\/\/fsv-schwarzbach.de\/index.php\/wp-json\/wp\/v2\/categories?post=1551"},{"taxonomy":"post_tag","embeddable":true,"href":"https:\/\/fsv-schwarzbach.de\/index.php\/wp-json\/wp\/v2\/tags?post=1551"}],"curies":[{"name":"wp","href":"https:\/\/api.w.org\/{rel}","templated":true}]}}