{"id":537,"date":"2013-08-12T08:55:06","date_gmt":"2013-08-12T07:55:06","guid":{"rendered":"http:\/\/fsv-schwarzbach.de\/?p=537"},"modified":"2013-08-12T08:55:06","modified_gmt":"2013-08-12T07:55:06","slug":"erfolgreiches-wochenende-der-seniorenmannschaften","status":"publish","type":"post","link":"https:\/\/fsv-schwarzbach.de\/index.php\/erfolgreiches-wochenende-der-seniorenmannschaften\/","title":{"rendered":"Erfolgreiches Wochenende der Seniorenmannschaften"},"content":{"rendered":"<p><strong>Zweite Seniorenmannschaft &#8211; SV Brand <em>1:0<\/em><\/strong><\/p>\n<p>Einen verdienten 1:0 Heimerfolg feierte unsere zweite Seniorenmannschaft am gestrigen Sonntag. Im Rahmen des Sportfestes in Elters traf man auf den SV Brand. Die erste Halbzeit konnte unsere Elf gleich positiv gestalten. Trotz einiger Fehlp\u00e4sse und Ungenauigkeiten im Spiel, gelang es der Mannschaft zahlreiche Torchancen herauszuspielen und so letztlich auch\u00a0verdient in F\u00fchrung zu gehen. Marius Zentgraf verwandelte per Hacke zum 1:0. Nach der Pause kontrollierte Elters\/Eckweisbach\/Schwarzbach die Partie. Ein weiteres Tor gelang den Jungs allerdings nicht und so wurde es in den letzten Minuten nochmal eng. Brand agierte nun mit langen B\u00e4llen, die aber nie f\u00fcr richtige Gefahr vor dem Tor von Daniel J\u00f6rges sorgten. So blieb es letztlich beim verdienten 1:0.<\/p>\n<p><span style=\"text-decoration: underline;\">Aufstellung:<\/span> J\u00f6rges &#8211; S. M\u00fcller, Schmitt, R\u00f6der &#8211; Blum, Herrlich, Will (Heger\/30. Minute), Dostal, Rauner (Henkel\/65. Minute) &#8211; M. Zentgraf (Hayn\/46. Minute), Fr. Zentgraf<\/p>\n<p><span style=\"text-decoration: underline;\">Tor:<\/span> M. Zentgraf<\/p>\n<p><strong>Erste Seniorenmannschaft &#8211; TSV K\u00fcnzell II <em>1:1<\/em><\/strong><\/p>\n<p>Direkt im Anschluss an die zweite Mannschaft bestritt unsere erste Vertretung ihre Partie gegen die Reserve des TSV K\u00fcnzell und der Mannschaft gelang direkt ein Blitzstart. Christian Kern konnte nach drei Minuten einen langen Pass erlaufen und verwandelte gekonnt zur F\u00fchrung. Bis zur Pause war die Partie ausgeglichen, wobei sich das Hauptgeschehen zum Gro\u00dfteil im Mittelfeld abspielte. K\u00fcnzell hatte kurz vor der Pause noch zwei Chancen, die aber nicht verwertet werden konnten. Kurz nach der Halbzeit war es dann aber soweit. Eine Unstimmigkeit in der Abwehr der SG erm\u00f6glichte dem freistehenden G\u00e4stest\u00fcrmer die Chance zum Ausgleich und er nutzte diese gekonnt. In der Folgezeit blieb die Partie ohne nennenswerte Chancen, so dass es letztlich bei dem verdienten Unentschieden blieb. \u00c4rgerlich dabei ist, dass sich mit Julian Langgut und Ferdinand Schwarz gleich zwei Spieler der SG\u00a0verletzten.<\/p>\n<p><span style=\"text-decoration: underline;\">Aufstellung:<\/span> Trapp &#8211; Seng, Brehl, Enders &#8211; Schwarz (K. K\u00fcmpel\/24. Minute), M. Reinhard, J. Reinhard, J. Langgut (Herr\/35. Minute), M. Weber &#8211; J. K\u00fcmpel, Kern<\/p>\n<p><span style=\"text-decoration: underline;\">Tor:<\/span> Kern<\/p>\n<p><strong>Dritte Seniorenmannschaft &#8211; SV Brand II <em>4:1<\/em><\/strong><\/p>\n<p>Den Abschluss des gestrigen Tages machte die dritte Seniorenmannschaft mit dem zweiten Sieg des Tages. In den ersten f\u00fcnfundvierzig Minuten gestaltete Brand die Partie noch ausgeglichen und konnte sogar in F\u00fchrung\u00a0gehen. Einem strammen Schuss ins Eck konnte Marcus Hohmann nichts entgegensetzen. Keine sechs Minuten sp\u00e4ter konnte Matthias M\u00fcller den Ausgleich der SG markieren. Er musste einen Abpraller nur noch \u00fcber die Linie schieben. Nun war der Knoten geplatzt. In der zweiten Halbzeit gestaltete sich n\u00e4mlich ein Spiel auf das Tor der G\u00e4ste. Zwei Kopfballtore durch Ralf Klein und Tobias Burkard ebneten den Weg zum Sieg. Vollendet wurde das Ergebnis durch Simon Hauke der zum viel umjubelten 4:1 Endstand traf.<\/p>\n<p><span style=\"text-decoration: underline;\">Aufstellung:<\/span> Hohmann &#8211; Krenzer, Wiegand, A. Trapp &#8211; Langgut, R\u00fcbsam, Laibach, M. M\u00fcller (Hauke\/42. Minute), Birkenbach &#8211; F. Zentgraf (Klein\/46. Minute), Burkard<\/p>\n<p><span style=\"text-decoration: underline;\">Tore:<\/span> M\u00fcller, Klein, Burkard, Hauke<\/p>\n","protected":false},"excerpt":{"rendered":"<p>Zweite Seniorenmannschaft &#8211; SV Brand 1:0 Einen verdienten 1:0 Heimerfolg feierte unsere zweite Seniorenmannschaft am gestrigen Sonntag. Im Rahmen des Sportfestes in Elters traf man auf den SV Brand. Die erste Halbzeit konnte unsere Elf gleich positiv gestalten. Trotz einiger &hellip; <a href=\"https:\/\/fsv-schwarzbach.de\/index.php\/erfolgreiches-wochenende-der-seniorenmannschaften\/\">Weiterlesen <span class=\"meta-nav\">&rarr;<\/span><\/a><\/p>\n","protected":false},"author":1,"featured_media":0,"comment_status":"closed","ping_status":"closed","sticky":false,"template":"","format":"standard","meta":{"footnotes":""},"categories":[5],"tags":[],"class_list":["post-537","post","type-post","status-publish","format-standard","hentry","category-seniorenfusball"],"_links":{"self":[{"href":"https:\/\/fsv-schwarzbach.de\/index.php\/wp-json\/wp\/v2\/posts\/537","targetHints":{"allow":["GET"]}}],"collection":[{"href":"https:\/\/fsv-schwarzbach.de\/index.php\/wp-json\/wp\/v2\/posts"}],"about":[{"href":"https:\/\/fsv-schwarzbach.de\/index.php\/wp-json\/wp\/v2\/types\/post"}],"author":[{"embeddable":true,"href":"https:\/\/fsv-schwarzbach.de\/index.php\/wp-json\/wp\/v2\/users\/1"}],"replies":[{"embeddable":true,"href":"https:\/\/fsv-schwarzbach.de\/index.php\/wp-json\/wp\/v2\/comments?post=537"}],"version-history":[{"count":0,"href":"https:\/\/fsv-schwarzbach.de\/index.php\/wp-json\/wp\/v2\/posts\/537\/revisions"}],"wp:attachment":[{"href":"https:\/\/fsv-schwarzbach.de\/index.php\/wp-json\/wp\/v2\/media?parent=537"}],"wp:term":[{"taxonomy":"category","embeddable":true,"href":"https:\/\/fsv-schwarzbach.de\/index.php\/wp-json\/wp\/v2\/categories?post=537"},{"taxonomy":"post_tag","embeddable":true,"href":"https:\/\/fsv-schwarzbach.de\/index.php\/wp-json\/wp\/v2\/tags?post=537"}],"curies":[{"name":"wp","href":"https:\/\/api.w.org\/{rel}","templated":true}]}}