{"id":539,"date":"2013-08-14T07:48:08","date_gmt":"2013-08-14T06:48:08","guid":{"rendered":"http:\/\/fsv-schwarzbach.de\/?p=539"},"modified":"2013-08-14T07:50:44","modified_gmt":"2013-08-14T06:50:44","slug":"aergerliche-pokalniederlage-unserer-senioren","status":"publish","type":"post","link":"https:\/\/fsv-schwarzbach.de\/index.php\/aergerliche-pokalniederlage-unserer-senioren\/","title":{"rendered":"\u00c4rgerliche Pokalniederlage unserer Senioren"},"content":{"rendered":"<p><strong>Erste Seniorenmannschaft &#8211; Spvgg. Hosenfeld <em>3:4<\/em><\/strong><\/p>\n<p>In einem bis zur letzten Minute spannenden Pokalfight zeigte unsere Mannschaft ihr volles Potenzial, wurde letztlich aber nicht f\u00fcr ihren Aufwand belohnt und verlor in der zweiten Runde gegen die Spvgg. Hosenfeld mit 3:4. Gerade in den ersten f\u00fcnfundvierzig Minuten zeigten die Jungs was in Ihnen steckt. Moritz Reinhard und Jeremias K\u00fcmpel (per Foulelfmeter) brachten unsere Elf schon vor der Pause in F\u00fchrung. Hier war man dem Gruppenligisten aus Hosenfeld in allen Belangen \u00fcberlegen. Ein regul\u00e4res Tor wurde unserer Mannschaft sogar noch vor der Halbzeit aberkannt. Nach der Pause zeigte sich die SG weiter hellwach und konnte die F\u00fchrung durch einen sehenswerten Freistoss von Jens Reinhard ausbauen. Doch dann drehte sich die Partie. Nach einem Foulspiel an Dirk Seng. Er verletzte sich im Fallen an einem Stollen des Gegenspielers und musste ausgewechselt werden. Nach einer f\u00fcnfmin\u00fctigen Unterbrechung kippte die Partie vollkommen zu Gunsten der Hosenfelder Mannschaft, die sich in einer nun \u00e4u\u00dferst ruppigen Partie mehrere Torchancen erspielen konnten. Eine viertel Stunde vor Abpfiff begann dann der Torreigen der Hosenfelder. Unserer Elf\u00a0fehlte nun das n\u00f6tige Zweikampfverhalten und die Spritzigkeit, um den G\u00e4sten Paroli zu bieten und so konnte der Gruppenligist die Partie noch zum 3:4 drehen.<\/p>\n<p><span style=\"text-decoration: underline;\">Aufstellung:<\/span> J\u00f6rges &#8211; S. Weber, Brehl, Enders &#8211; Seng (Rauner), M. Reinhard, J. Reinhard, Herr, M. Weber &#8211; J. K\u00fcmpel, K. K\u00fcmpel (M. Zentgraf)<\/p>\n<p><span style=\"text-decoration: underline;\">Tore:<\/span> M. Reinhard, J. K\u00fcmpel, J. Reinhard<\/p>\n","protected":false},"excerpt":{"rendered":"<p>Erste Seniorenmannschaft &#8211; Spvgg. Hosenfeld 3:4 In einem bis zur letzten Minute spannenden Pokalfight zeigte unsere Mannschaft ihr volles Potenzial, wurde letztlich aber nicht f\u00fcr ihren Aufwand belohnt und verlor in der zweiten Runde gegen die Spvgg. Hosenfeld mit 3:4. &hellip; <a href=\"https:\/\/fsv-schwarzbach.de\/index.php\/aergerliche-pokalniederlage-unserer-senioren\/\">Weiterlesen <span class=\"meta-nav\">&rarr;<\/span><\/a><\/p>\n","protected":false},"author":1,"featured_media":0,"comment_status":"closed","ping_status":"closed","sticky":false,"template":"","format":"standard","meta":{"footnotes":""},"categories":[5],"tags":[],"class_list":["post-539","post","type-post","status-publish","format-standard","hentry","category-seniorenfusball"],"_links":{"self":[{"href":"https:\/\/fsv-schwarzbach.de\/index.php\/wp-json\/wp\/v2\/posts\/539","targetHints":{"allow":["GET"]}}],"collection":[{"href":"https:\/\/fsv-schwarzbach.de\/index.php\/wp-json\/wp\/v2\/posts"}],"about":[{"href":"https:\/\/fsv-schwarzbach.de\/index.php\/wp-json\/wp\/v2\/types\/post"}],"author":[{"embeddable":true,"href":"https:\/\/fsv-schwarzbach.de\/index.php\/wp-json\/wp\/v2\/users\/1"}],"replies":[{"embeddable":true,"href":"https:\/\/fsv-schwarzbach.de\/index.php\/wp-json\/wp\/v2\/comments?post=539"}],"version-history":[{"count":0,"href":"https:\/\/fsv-schwarzbach.de\/index.php\/wp-json\/wp\/v2\/posts\/539\/revisions"}],"wp:attachment":[{"href":"https:\/\/fsv-schwarzbach.de\/index.php\/wp-json\/wp\/v2\/media?parent=539"}],"wp:term":[{"taxonomy":"category","embeddable":true,"href":"https:\/\/fsv-schwarzbach.de\/index.php\/wp-json\/wp\/v2\/categories?post=539"},{"taxonomy":"post_tag","embeddable":true,"href":"https:\/\/fsv-schwarzbach.de\/index.php\/wp-json\/wp\/v2\/tags?post=539"}],"curies":[{"name":"wp","href":"https:\/\/api.w.org\/{rel}","templated":true}]}}