{"id":614,"date":"2013-09-16T09:54:33","date_gmt":"2013-09-16T08:54:33","guid":{"rendered":"http:\/\/fsv-schwarzbach.de\/?p=614"},"modified":"2013-09-16T09:54:33","modified_gmt":"2013-09-16T08:54:33","slug":"zweite-erkaempft-sich-punkt","status":"publish","type":"post","link":"https:\/\/fsv-schwarzbach.de\/index.php\/zweite-erkaempft-sich-punkt\/","title":{"rendered":"Zweite erk\u00e4mpft sich Punkt"},"content":{"rendered":"<p><strong>Zweite Mannschaft &#8211; Buchonia Fulda <em>2:2<\/em><\/strong><em> <\/em><\/p>\n<p>Trotz zahlreicher Personalrotationen (Hayn, Dostal, Heger, R\u00f6der, Mews, Melzer fehlten) zeigte unsere zweite Mannschaft am gestrigen Sonntag was man mit viel Kampf erreichen kann.<\/p>\n<p>Im Tor stand erstmals der eigentliche Feldspieler Moritz Ziegler und er machte seine Sache grandios. Mit zahlreichen Paraden hielt er unsere Mannschaft immer wieder im Spiel. Aber auch die Feldspieler zeigten in den ersten 45 Minuten was in Ihnen steckt. Zweikampfstark und laufbereit erk\u00e4mpfte man sich ab der 20 Minute ein leichtes \u00dcbergewicht in der Partie und h\u00e4tte dort schon in F\u00fchrung gehen k\u00f6nnen. Einen Kopfball von Frederik Zentgraf lenkte der Torwart jedoch noch gerade so \u00fcber die Latte.\u00a0In der 40 Minute belohnten sich die Jungs\u00a0dann f\u00fcr den Aufwand. Einen sehr gut getretenen Freistoss von Leander Schmitt verwertete Tizian Wagner mit seinem ersten Kopfballtor seit der F-Jugend. Nach dem Pausentee kam man jedoch etwas schwerer in Tritt. Buchonia\u00a0attackierte nun fr\u00fcher und so dauerte\u00a0es auch keine\u00a0zwei Minuten bis der Ausgleich durch den G\u00e4stest\u00fcrmer fiel. Eine zu kurz geratene\u00a0Abwehr h\u00e4mmerte Appelhans unter die Latte.\u00a0Danach kam unsere Elf besser in die Partie. Man kam zwar nur selten vor das Tor der G\u00e4ste, hielt sie jedoch auch vom eigenen Tor fern.\u00a0Die erste Chance\u00a0nutzte dann Marius Zentgraf in der 65 Minute. Eine Ecke\u00a0wurde von Simon Weber in die Gefahrenzone gek\u00f6pft.\u00a0Zentgraf stand am\u00a0F\u00fcnfer mutterseelenfrei und netzte zur erneuten F\u00fchrung ein. Die kommenden 25 Minuten sollten \u00e4u\u00dferst\u00a0schwierig werden, denn nun\u00a0kam Buchonia mit allen Mann nach vorne. Einmal musste hierbei Moritz\u00a0Ziegler noch\u00a0hinter sich greifen. Nach einer Flanke\u00a0kam er einen Tick zu sp\u00e4t und konnte den G\u00e4stest\u00fcrmer nur noch per Foul aufhalten. Den f\u00e4lligen Elfmeter verwandelte wiederum Appelhans. Daraufhin erh\u00f6hte Buchonia weiter den Druck. Unsere Elf verteidigte mit\u00a0Mann und Maus und kam kurz vor Schluss sogar noch zu einer hundertprozentigen Chance. Heiko Herrlich z\u00f6gerte freistehend vor dem Torwart jedoch zu lange und machte den einen Haken zu viel, anstatt direkt\u00a0zu schie\u00dfen. Letztlich stand dann\u00a0ein verdientes 2:2 Unentschieden gegen den Tabellenvierten aus Buchonia Fulda.<\/p>\n<p><span style=\"text-decoration: underline;\"><strong>Aufstellung:<\/strong><\/span><strong> <\/strong>Ziegler &#8211; R\u00fcbsam, Schmitt, M\u00fcller &#8211; Rauner, Will (N. Langgut\/40. Minute), Herrlich, Blum (S. Weber\/30. Minute), Wagner &#8211; M. Zentgraf, F. Zentgraf (Seng\/52. Minute)<\/p>\n<p><span style=\"text-decoration: underline;\"><strong>Tore:<\/strong><\/span><strong> <\/strong>Wagner, Zentgraf<\/p>\n","protected":false},"excerpt":{"rendered":"<p>Zweite Mannschaft &#8211; Buchonia Fulda 2:2 Trotz zahlreicher Personalrotationen (Hayn, Dostal, Heger, R\u00f6der, Mews, Melzer fehlten) zeigte unsere zweite Mannschaft am gestrigen Sonntag was man mit viel Kampf erreichen kann. Im Tor stand erstmals der eigentliche Feldspieler Moritz Ziegler und &hellip; <a href=\"https:\/\/fsv-schwarzbach.de\/index.php\/zweite-erkaempft-sich-punkt\/\">Weiterlesen <span class=\"meta-nav\">&rarr;<\/span><\/a><\/p>\n","protected":false},"author":1,"featured_media":0,"comment_status":"closed","ping_status":"closed","sticky":false,"template":"","format":"standard","meta":{"footnotes":""},"categories":[5],"tags":[],"class_list":["post-614","post","type-post","status-publish","format-standard","hentry","category-seniorenfusball"],"_links":{"self":[{"href":"https:\/\/fsv-schwarzbach.de\/index.php\/wp-json\/wp\/v2\/posts\/614","targetHints":{"allow":["GET"]}}],"collection":[{"href":"https:\/\/fsv-schwarzbach.de\/index.php\/wp-json\/wp\/v2\/posts"}],"about":[{"href":"https:\/\/fsv-schwarzbach.de\/index.php\/wp-json\/wp\/v2\/types\/post"}],"author":[{"embeddable":true,"href":"https:\/\/fsv-schwarzbach.de\/index.php\/wp-json\/wp\/v2\/users\/1"}],"replies":[{"embeddable":true,"href":"https:\/\/fsv-schwarzbach.de\/index.php\/wp-json\/wp\/v2\/comments?post=614"}],"version-history":[{"count":0,"href":"https:\/\/fsv-schwarzbach.de\/index.php\/wp-json\/wp\/v2\/posts\/614\/revisions"}],"wp:attachment":[{"href":"https:\/\/fsv-schwarzbach.de\/index.php\/wp-json\/wp\/v2\/media?parent=614"}],"wp:term":[{"taxonomy":"category","embeddable":true,"href":"https:\/\/fsv-schwarzbach.de\/index.php\/wp-json\/wp\/v2\/categories?post=614"},{"taxonomy":"post_tag","embeddable":true,"href":"https:\/\/fsv-schwarzbach.de\/index.php\/wp-json\/wp\/v2\/tags?post=614"}],"curies":[{"name":"wp","href":"https:\/\/api.w.org\/{rel}","templated":true}]}}