{"id":894,"date":"2014-04-14T08:24:26","date_gmt":"2014-04-14T07:24:26","guid":{"rendered":"http:\/\/fsv-schwarzbach.de\/?p=894"},"modified":"2014-04-14T08:24:26","modified_gmt":"2014-04-14T07:24:26","slug":"erste-senioren-wieder-dran","status":"publish","type":"post","link":"https:\/\/fsv-schwarzbach.de\/index.php\/erste-senioren-wieder-dran\/","title":{"rendered":"Erste Senioren wieder dran!"},"content":{"rendered":"<p><strong>Erste Senioren &#8211; TSV Weyhers <em>3:2 (2:1)<\/em><\/strong><\/p>\n<p>Im Spitzenspiel der A-Liga Fulda setzte sich unsere erste Seniorenmannschaft verdient gegen den Spitzenreiter aus Weyhers durch und ist somit wieder bis auf einen Punkt in der Tabelle an die G\u00e4ste ranger\u00fcckt.<\/p>\n<p>Vor einer tollen Kulisse von 300 Zuschauern diktierte unsere Mannschaft die Partie von Beginn an. Daher war es auch kein Wunder, dass der an diesem Tag \u00fcberragende Jens Reinhard bereits in der dritten Minute den F\u00fchrungstreffer erzielte. Unsere Jungs blieben weiter dran und wiederum Jens Reinhard war es, der die F\u00fchrung\u00a0ausbaute. Bis zur Pause kam Weyhers nun besser in das Spiel. Sascha B\u00f6nte traf kurz nach unserem Treffer nur die Latte. In der 26. Minute gelang dann doch der Anschlusstreffer durch einen Strafsto\u00df. Bis zur Pause begegneten sich die Mannschaft auf Augenh\u00f6he. Nach dem Pausentee \u00fcbernahm die SG wieder das Zepter und kam durch eine Ecke zum 3:1. Ferdi Schwarz war es, der die Ecke flach ins Eck des G\u00e4stetors verwandelte. Die F\u00fchrung sollte jedoch nicht lange anhalten. Sascha B\u00f6nte brachte die Weyherser wieder ran, die sich aber anschlie\u00dfend selbst schw\u00e4chten. Thomas Alsheimer musste mit Gelb-Rot fr\u00fchzeitig duschen gehen. Unsere Jungs kontrollierten nun die Partie. Simon Wiegand hatte dabei bis zum Schluss die dickste Torchance. Er scheiterte jedoch freistehend vor dem Tor. So blieb es bis zum Ende spannend, doch bis zum Schlusspfiff sollte kein Tor mehr fallen.<\/p>\n<p><span style=\"text-decoration: underline;\"><strong>Aufstellung:<\/strong><\/span><strong> <\/strong>Trapp &#8211; M. Weber, Brehl, Seng &#8211; Schwarz, J. Reinhard, M. Reinhard, S. Herr (Kern\/46. Minute), K. K\u00fcmpel &#8211; J. K\u00fcmpel, J. Langgut (Wiegand\/70. Minute)<\/p>\n<p><span style=\"text-decoration: underline;\"><strong>Tore:<\/strong><\/span><strong> <\/strong>2x J. Reinhard, Schwarz<\/p>\n","protected":false},"excerpt":{"rendered":"<p>Erste Senioren &#8211; TSV Weyhers 3:2 (2:1) Im Spitzenspiel der A-Liga Fulda setzte sich unsere erste Seniorenmannschaft verdient gegen den Spitzenreiter aus Weyhers durch und ist somit wieder bis auf einen Punkt in der Tabelle an die G\u00e4ste ranger\u00fcckt. Vor &hellip; <a href=\"https:\/\/fsv-schwarzbach.de\/index.php\/erste-senioren-wieder-dran\/\">Weiterlesen <span class=\"meta-nav\">&rarr;<\/span><\/a><\/p>\n","protected":false},"author":1,"featured_media":0,"comment_status":"closed","ping_status":"closed","sticky":false,"template":"","format":"standard","meta":{"footnotes":""},"categories":[5],"tags":[],"class_list":["post-894","post","type-post","status-publish","format-standard","hentry","category-seniorenfusball"],"_links":{"self":[{"href":"https:\/\/fsv-schwarzbach.de\/index.php\/wp-json\/wp\/v2\/posts\/894","targetHints":{"allow":["GET"]}}],"collection":[{"href":"https:\/\/fsv-schwarzbach.de\/index.php\/wp-json\/wp\/v2\/posts"}],"about":[{"href":"https:\/\/fsv-schwarzbach.de\/index.php\/wp-json\/wp\/v2\/types\/post"}],"author":[{"embeddable":true,"href":"https:\/\/fsv-schwarzbach.de\/index.php\/wp-json\/wp\/v2\/users\/1"}],"replies":[{"embeddable":true,"href":"https:\/\/fsv-schwarzbach.de\/index.php\/wp-json\/wp\/v2\/comments?post=894"}],"version-history":[{"count":0,"href":"https:\/\/fsv-schwarzbach.de\/index.php\/wp-json\/wp\/v2\/posts\/894\/revisions"}],"wp:attachment":[{"href":"https:\/\/fsv-schwarzbach.de\/index.php\/wp-json\/wp\/v2\/media?parent=894"}],"wp:term":[{"taxonomy":"category","embeddable":true,"href":"https:\/\/fsv-schwarzbach.de\/index.php\/wp-json\/wp\/v2\/categories?post=894"},{"taxonomy":"post_tag","embeddable":true,"href":"https:\/\/fsv-schwarzbach.de\/index.php\/wp-json\/wp\/v2\/tags?post=894"}],"curies":[{"name":"wp","href":"https:\/\/api.w.org\/{rel}","templated":true}]}}